{"id":1226,"date":"2012-04-06T04:14:33","date_gmt":"2012-04-06T02:14:33","guid":{"rendered":"http:\/\/sternstaub.org\/blog\/?p=1226"},"modified":"2013-05-09T00:06:19","modified_gmt":"2013-05-08T22:06:19","slug":"and-in-my-heart","status":"publish","type":"post","link":"http:\/\/sternstaub.org\/blog\/?p=1226","title":{"rendered":"and in my heart"},"content":{"rendered":"<p>I belong to these&#8230;<\/p>\n<p>Was macht mich so irish affin? Woher kommt es, dass ich die Lieder der Freiheit und die Freiheitslieder so verinnerlicht habe, dass mich ein einzelner Akkord schier zerrei\u00dft, mich die T\u00f6ne und die Sprache das ichsein so sp\u00fcren lassen. Das ist doch seltsam, das ist kurios, das ist letztlich unverst\u00e4ndlich.<\/p>\n<p>Wie kann ich eine irische Seele haben, after all &#8211; im german. ich bin Deutsch, obwohl mich das eher Abstand nehmen l\u00e4sst. ich f\u00fchle mich nicht deutsch, ich habe kein Zuhause in diesem angeblichen Heimatland. Das ist nicht meins, auch wenn ich langsam, sehr langsam auch dort (in der innerlich Fremde) so etwas wie Heimat finde, was ich nicht akzeptieren nennen w\u00fcrde. Ich bin Europ\u00e4erin und bin immer eine solche gewesen, lange bevor es die EU heutigen Zuschnitts gab.<\/p>\n<p>But my soul is irish, das ist so stark in mir, dass ich keine deutschen Worte daf\u00fcr finde. Man sagt den Deutschen eine gewisse irische Liebe nach, aber das kommt mir so abstrus ungenau vor &#8211; dies bin nicht ich. Ich laufe vor nichts davon, auch vor keiner Vergangenheit. Ich bin eh ich. Ich kam nach Irland und wusste, das ist die Liebe meines Lebens, an die nichts heran reicht. So kitschig das klingt. Und so ungerecht das anderen Lieben gegen\u00fcber sein mag. Ich bin ein Mensch, dem das Lieben leicht f\u00e4llt, wobei ich nicht zu beurteilen vermag, ob das gut oder eher das Gegenteil ist. aber auch in diesen Dingen mag ich mich nicht \u00e4ndern. Lebe mit mir, wie ich bin oder lass es &#8211; ist meine Devise &#8211; eigentlich immer schon, obwohl ich das manchmal beiseite geschoben habe &#8211; zu meinem eigenen Nachteil und Schaden.<\/p>\n<p>Aber wie kann etwas, was einen so gl\u00fccklich macht wie meine Liebe zu diesem Land zum Schaden gereichen? Blind bin ich nicht gegen\u00fcber seinen Nachteilen, auch wenn sich\u00a0 dort vieles ver\u00e4ndet hat. Liberaler wurde, aber trotz der Religion, welche f\u00fcr mich ein Problem ist, tat das meiner Liebe zu Irland keinen Abbruch. Das ist menschengemacht uind hat nichts mit mir zu tun. Und auch nichts mit dem Land, dem ich mich so seltsam verhaftet f\u00fchle. Aber muss man alles bis ins letzte ergr\u00fcnden und begr\u00fcnden? Nein, man muss das nicht. Ich lebe mit dieser Liebe, sie begl\u00fcckt mich.<\/p>\n<p>was geht dar\u00fcber?<\/p>\n<p>Walking all the day<br \/>\nnear tall towers where falcons build their nests<br \/>\nSilver wings they fly,<br \/>\nThey know the call for freedom in their breasts,<br \/>\nSaw Black Head against the sky<br \/>\nWhere twisted rocks they run down to the sea<br \/>\nLiving on your western shore<\/p>\n<p>&nbsp;<\/p>\n<p><iframe loading=\"lazy\" width=\"640\" height=\"480\" src=\"https:\/\/www.youtube.com\/embed\/kUeM9tNUKDM?feature=oembed\" frameborder=\"0\" allowfullscreen><\/iframe><\/p>\n<p>das n\u00e4chste Lied kenne ich so lange wie ich Irland kenne und diese Version ist die meine<\/p>\n<p><iframe loading=\"lazy\" width=\"640\" height=\"480\" src=\"https:\/\/www.youtube.com\/embed\/_l3KSQhcpEY?feature=oembed\" frameborder=\"0\" allowfullscreen><\/iframe><\/p>\n<p>my blood is red, like everyones blood, but my heart is just a shining thing<\/p>\n<p>Vielleicht spricht das ja auch nur innerste sentimentale Sehns\u00fcchte an, was ich sonst an Kitsch nicht erlaube, ist so offenkundig in manchen Liedern, dass ich mich nicht getraue, da links hzu setzen. Was sagt das aus \u00fcber mich? Nun, das ich innerlich verkitscht bin und mich nicht getraue dazu zu stehen, wobei mich letztes mehr st\u00f6rt-<\/p>\n","protected":false},"excerpt":{"rendered":"<p>I belong to these&#8230; Was macht mich so irish affin? Woher kommt es, dass ich die Lieder der Freiheit und die Freiheitslieder so verinnerlicht habe, dass mich ein einzelner Akkord schier zerrei\u00dft, mich die T\u00f6ne und die Sprache das ichsein &hellip; <a href=\"http:\/\/sternstaub.org\/blog\/?p=1226\">Continue reading <span class=\"meta-nav\">&rarr;<\/span><\/a><\/p>\n","protected":false},"author":1,"featured_media":0,"comment_status":"open","ping_status":"open","sticky":false,"template":"","format":"gallery","meta":[],"categories":[29,1],"tags":[],"_links":{"self":[{"href":"http:\/\/sternstaub.org\/blog\/index.php?rest_route=\/wp\/v2\/posts\/1226"}],"collection":[{"href":"http:\/\/sternstaub.org\/blog\/index.php?rest_route=\/wp\/v2\/posts"}],"about":[{"href":"http:\/\/sternstaub.org\/blog\/index.php?rest_route=\/wp\/v2\/types\/post"}],"author":[{"embeddable":true,"href":"http:\/\/sternstaub.org\/blog\/index.php?rest_route=\/wp\/v2\/users\/1"}],"replies":[{"embeddable":true,"href":"http:\/\/sternstaub.org\/blog\/index.php?rest_route=%2Fwp%2Fv2%2Fcomments&post=1226"}],"version-history":[{"count":17,"href":"http:\/\/sternstaub.org\/blog\/index.php?rest_route=\/wp\/v2\/posts\/1226\/revisions"}],"predecessor-version":[{"id":1604,"href":"http:\/\/sternstaub.org\/blog\/index.php?rest_route=\/wp\/v2\/posts\/1226\/revisions\/1604"}],"wp:attachment":[{"href":"http:\/\/sternstaub.org\/blog\/index.php?rest_route=%2Fwp%2Fv2%2Fmedia&parent=1226"}],"wp:term":[{"taxonomy":"category","embeddable":true,"href":"http:\/\/sternstaub.org\/blog\/index.php?rest_route=%2Fwp%2Fv2%2Fcategories&post=1226"},{"taxonomy":"post_tag","embeddable":true,"href":"http:\/\/sternstaub.org\/blog\/index.php?rest_route=%2Fwp%2Fv2%2Ftags&post=1226"}],"curies":[{"name":"wp","href":"https:\/\/api.w.org\/{rel}","templated":true}]}}