{"id":263,"date":"2011-06-09T21:16:52","date_gmt":"2011-06-09T19:16:52","guid":{"rendered":"http:\/\/sternstaub.org\/blog\/?p=263"},"modified":"2012-02-01T00:05:10","modified_gmt":"2012-01-31T22:05:10","slug":"momente","status":"publish","type":"post","link":"http:\/\/sternstaub.org\/blog\/?p=263","title":{"rendered":"Momente"},"content":{"rendered":"<p>Manchmal sehne ich mich schier verzweifelt danach Langeweile zu haben. Vielleicht verwechsele ich sie ja mit Mu\u00dfe? Mit Zeit, die nicht hetzt und rast sondern lang wird.<\/p>\n<p>Ich erinnere mich an meine erste Reise ganz allein. Nach Irland sollte es gehen, zum ersten Mal. Fl\u00fcge waren zu teuer, wer flog 1974 schon dorthin? Also brachte mich der Zug von Duisburg nach Zeebr\u00fcgge, danach die F\u00e4hre nach Dover, der Zug nach London, der n\u00e4chste nach Swansea und wieder die Nachtf\u00e4hre nach Cork in Irland. Und es war die Zeit, das Warten \u00fcberall und stundenlang, die diese Reise zusammenhielt. Der Weg ist letztlich wirklich das Ziel.<br \/>\nMeine zwei B\u00fccher steckten im selbstgen\u00e4hten Rucksack, meine Finger schienen zu gel\u00e4hmt, sie herauszuholen und so schaute und schaute und wartete und wartete ich. Menschen, Landschaften, H\u00e4user zogen am Zugfenster an mir vorbei. Dazwischen immer wieder Wartezeiten an Bahnh\u00f6fen, F\u00e4hren, niemand zum Reden dabei. Aber auch keine Lust darauf, \u00fcberhaupt den Mund zu \u00f6ffnen, au\u00dfer f\u00fcrs Trinken und Atmen.<\/p>\n<p>Auf die Corkferry wartete ich 6 Stunden. Ich ging den Kai entlang und suchte mir ein Fleckchen Gras, wo ich die SChiffe beim Ein- und Auslaufen beobachten konnte und legte mich lang hin, den Kopf auf den verschr\u00e4nkten Armen. Es schien mir als ob die Zeit in Tropfen vom Himmel fiel und ich fragte mich : langweile ich mich oder was ist das?<br \/>\nDie Zeit nahm in meinem Kopf einen solchen Platz ein, dass ich zu nichts anderem f\u00e4hig war, als ihr zuzuschauen, wie sie verging. Im allerletzen Moment ging ich erst an Bord der F\u00e4hre und fiel in meiner Koje in einen traumlosen SChlaf, an dessen Ende wie ein Geschenk das Einlaufen in den Corker Hafen lag.<br \/>\nLangeweile oder lange Weile?<\/p>\n<p>&#8212;&#8212;&#8212;&#8212;&#8212;&#8212;&#8212;&#8212;&#8212;&#8212;&#8212;&#8212;&#8212;&#8212;&#8212;&#8212;&#8212;&#8212;&#8212;&#8212;&#8212;&#8212;&#8212;&#8212;&#8212;&#8212;&#8212;&#8212;&#8212;&#8212;&#8212;&#8211;<br \/>\nDieses Foto ist an sich in keinster Weise etwas Besonderes, es hat aber eine Geschichte, die wichtig f\u00fcr mich ist.<\/p>\n<p><img decoding=\"async\" src=\" [URL=http:\/\/img38.imageshack.us\/i\/schnheit1.jpg\/][IMG]http:\/\/img38.imageshack.us\/img38\/6113\/schnheit1.jpg[\/IMG][\/URL]\" alt=\"Momente\" \/><\/p>\n<p>Als ich im Jahr 2009 in Kur war &#8211; ziemlich kaputt und alles andere als gesund &#8211; wanderte ich viele Stunden durch das Elbsandsteingebirge.<br \/>\nAls ich im Jahr 2009 in Kur war &#8211; ziemlich kaputt und alles andere als gesund &#8211; wanderte ich viele Stunden durch das Elbsandsteingebirge.<br \/>\nAn einem Tag wollte ich von Krippen nach K\u00f6nigstein wandern. Ich kam an Sandsteingebilden vorher, streifte \u00fcber einsame Waldwege durch nasse W\u00e4lder, wo Schneefelder mit Pf\u00fctzen und schlammigen Pfaden abwechselten.<br \/>\nIch kam dann in einen Waldbereich, der fast trostlos in seiner N\u00e4sse wirkte, aber irgendwie hatte er auch etwas verwunschenes.<br \/>\nIch hatte nur meine kleine Cam dabei und w\u00fcnschte mir, als ich mich zwischen den hohen B\u00e4umen bewegte, ich h\u00e4tte endlich wieder eine bessere, weil in den Pf\u00fctzen wundersch\u00f6ne Sternchenmoose wuchsen und Rinnsale aus den Schneefelder flossen und auf dem Weg Muster bildeten. \u00dcberall tropfte und wehte es von den \u00c4sten und es stieg ein wirklich au\u00dfergew\u00f6hnliches und fast schmerzhaftes Gl\u00fccksgef\u00fchl in mir auf.<br \/>\nUnd dann sah ich zur\u00fcck, um all diese Sch\u00f6nheit zu genie\u00dfen, als ich eben dieses Bild sah.<br \/>\nIch glaubte nicht daran, dass das Foto etwas werden k\u00f6nnte, aber es reichte ja, wenn es eine kleine Erinnerung an diesen besonderen Moment erhalten w\u00fcrde.<\/p>\n<p>Und da das wirklich ein ganz spezieller Moment war und das f\u00fcr mich das Wesentliche am drau\u00dfen sein verdeutlicht, habe ich euch diesen Moment aufgeschrieben.<\/p>\n","protected":false},"excerpt":{"rendered":"<p>Manchmal sehne ich mich schier verzweifelt danach Langeweile zu haben. Vielleicht verwechsele ich sie ja mit Mu\u00dfe? Mit Zeit, die nicht hetzt und rast sondern lang wird. Ich erinnere mich an meine erste Reise ganz allein. Nach Irland sollte es &hellip; <a href=\"http:\/\/sternstaub.org\/blog\/?p=263\">Continue reading <span class=\"meta-nav\">&rarr;<\/span><\/a><\/p>\n","protected":false},"author":1,"featured_media":0,"comment_status":"open","ping_status":"open","sticky":false,"template":"","format":"gallery","meta":[],"categories":[30,18],"tags":[],"_links":{"self":[{"href":"http:\/\/sternstaub.org\/blog\/index.php?rest_route=\/wp\/v2\/posts\/263"}],"collection":[{"href":"http:\/\/sternstaub.org\/blog\/index.php?rest_route=\/wp\/v2\/posts"}],"about":[{"href":"http:\/\/sternstaub.org\/blog\/index.php?rest_route=\/wp\/v2\/types\/post"}],"author":[{"embeddable":true,"href":"http:\/\/sternstaub.org\/blog\/index.php?rest_route=\/wp\/v2\/users\/1"}],"replies":[{"embeddable":true,"href":"http:\/\/sternstaub.org\/blog\/index.php?rest_route=%2Fwp%2Fv2%2Fcomments&post=263"}],"version-history":[{"count":7,"href":"http:\/\/sternstaub.org\/blog\/index.php?rest_route=\/wp\/v2\/posts\/263\/revisions"}],"predecessor-version":[{"id":1100,"href":"http:\/\/sternstaub.org\/blog\/index.php?rest_route=\/wp\/v2\/posts\/263\/revisions\/1100"}],"wp:attachment":[{"href":"http:\/\/sternstaub.org\/blog\/index.php?rest_route=%2Fwp%2Fv2%2Fmedia&parent=263"}],"wp:term":[{"taxonomy":"category","embeddable":true,"href":"http:\/\/sternstaub.org\/blog\/index.php?rest_route=%2Fwp%2Fv2%2Fcategories&post=263"},{"taxonomy":"post_tag","embeddable":true,"href":"http:\/\/sternstaub.org\/blog\/index.php?rest_route=%2Fwp%2Fv2%2Ftags&post=263"}],"curies":[{"name":"wp","href":"https:\/\/api.w.org\/{rel}","templated":true}]}}