{"id":279,"date":"2011-06-09T22:07:52","date_gmt":"2011-06-09T20:07:52","guid":{"rendered":"http:\/\/sternstaub.org\/blog\/?p=279"},"modified":"2012-02-01T00:05:10","modified_gmt":"2012-01-31T22:05:10","slug":"vielleicht-habe-ich-noch-18-jahr","status":"publish","type":"post","link":"http:\/\/sternstaub.org\/blog\/?p=279","title":{"rendered":"Vielleicht habe ich noch 18 Jahr"},"content":{"rendered":"<p>Was mich momentan umtreibt und wor\u00fcber ich gr\u00fcbel, ist ein Thema, welches den allermeisten fremd sein wird.<br \/>\nDie Endlichkeit an sich, aber vor allem meine eigene Endlichkeit.<br \/>\nWenn ich es nur so lange schaffe wie meine Eltern, bleiben mir noch  etwas \u00fcber 18 Jahre, bis ich den L\u00f6ffel abgebe. Vielleicht gerate ich  nach anderen Vorfahren, die an die 100 und sogar \u00e4lter wurden, aber das  ist so \u00e4hnlich wie russisch Roulette.<br \/>\nLetztlich ist der Ausgang immer t\u00f6dlich.<br \/>\nUnd wenn ich so 18 Jahre zur\u00fcck denke und wie schnell da die Zeit ins  Nirwana verschwunden ist, macht mir dieser kleine H\u00fcgel von Zeit den  Mund trocken und mir wird merkw\u00fcrdig bang.<br \/>\nMich st\u00f6rt nicht das \u00e4lter werden, mich st\u00f6ren nicht die Falten und das  gelebte Leben, das an meinem Gesicht und K\u00f6rper sichtbar geworden ist.<br \/>\nNein, mich st\u00f6rt das Alt Sein. Letztlich das mehr als wahrscheinliche Ableben.<\/p>\n<p>Noch versp\u00fcre ich keine wirklich nachlassenden Kr\u00e4fte, aber der Gedanke, dass ich nicht, wie seit fast 40 Jahren geplant, den Kungsleden gehen werde oder die Islandkarte,  die ich mit 15 gekauft habe, benutzen kann und die daran gekn\u00fcpften  Tr\u00e4ume nie mehr ihren  Wirklichkeitstest bestehen werden.<br \/>\nDie Wege, die ich noch gehen will, die Pfade, die mich reizen, die eine  oder gar noch andere sehr lange Reise, die die n\u00e4chsten 6 Jahre noch  nicht zu verwirklichen sein werden.<br \/>\nFr\u00fchestens in 6 Jahren kann ich mit Abschl\u00e4gen in Pension gehen, aber wie lange kann ich da noch einen 15-20 kg schweren Rucksack tragen, wie lange noch ins <a title=\"Zelt im Outdoorwiki nachschlagen.\" href=\"http:\/\/outdoorseiten.net\/wiki\/Zelt\" target=\"blank\">Zelt<\/a> kriechen und notfalls ohne Isomatte pennen?<br \/>\nSo wenig von meinen Wandertr\u00e4umen konnte ich bisher leben, entweder Geld  oder Verpflichtungen machten einen dicken fetten Strich durch die  Rechnung.<br \/>\nIch war nie Sportlerin oder gar Leistungssportlerin, meine  Geschwindigkeit war immer die meine und Rekorde sind etwas, was mich  noch nie interessiert hat.<\/p>\n<p>Aber kann ich in 15 Jahren endlich meine Traumstra\u00dfe durch China  wandern, einmal um die ganze wundersch\u00f6ne Ostsee radeln oder einen  Wintern in einer kanadischen Blockh\u00fctte verbringen? \u00dcber die Ozeane zu  segeln, einmal rundherum, das  habe ich als nicht erf\u00fcllbar f\u00fcr mich ja  inzwischen aufgegeben.<br \/>\nDann bin ich schei\u00dfealt und ich kriege das vielleicht gar nicht mehr geregelt.<br \/>\nAber ich will verdammt sein, wenn ich vor dem Fernseher vegetiere &#8211; ok, ich m\u00fcsste mir auch erst einen kaufen\u00a0 &#8211; ich will raus und m\u00f6glichst auch noch mit 70 und ein paar  gequetschten am Kuhwallsee in der Pampa pennen und die Biber beobachten.<\/p>\n<p>Was ich so ein bisserl brauchen k\u00f6nnte, w\u00e4ren <strong>positive<\/strong> Beispiele  (ne nicht Luis Tr) &#8211; halt Normalos, die auch in fortgeschrittenem Alter  einfach ganz normal im Drau\u00dfen unterwegs sind. ok, negative akzeptiere  ich dann als Realistin auch. <img decoding=\"async\" src=\"http:\/\/forum.outdoorseiten.net\/images\/smilies\/icon_cool.gif\" border=\"0\" alt=\"\" \/><\/p>\n<p>Weil 18-19 Jahre eine  schei\u00df verdammt kurze Zeit sind \ud83d\ude41<\/p>\n","protected":false},"excerpt":{"rendered":"<p>Was mich momentan umtreibt und wor\u00fcber ich gr\u00fcbel, ist ein Thema, welches den allermeisten fremd sein wird. Die Endlichkeit an sich, aber vor allem meine eigene Endlichkeit. Wenn ich es nur so lange schaffe wie meine Eltern, bleiben mir noch &hellip; <a href=\"http:\/\/sternstaub.org\/blog\/?p=279\">Continue reading <span class=\"meta-nav\">&rarr;<\/span><\/a><\/p>\n","protected":false},"author":1,"featured_media":0,"comment_status":"open","ping_status":"open","sticky":false,"template":"","format":"gallery","meta":[],"categories":[30,18],"tags":[],"_links":{"self":[{"href":"http:\/\/sternstaub.org\/blog\/index.php?rest_route=\/wp\/v2\/posts\/279"}],"collection":[{"href":"http:\/\/sternstaub.org\/blog\/index.php?rest_route=\/wp\/v2\/posts"}],"about":[{"href":"http:\/\/sternstaub.org\/blog\/index.php?rest_route=\/wp\/v2\/types\/post"}],"author":[{"embeddable":true,"href":"http:\/\/sternstaub.org\/blog\/index.php?rest_route=\/wp\/v2\/users\/1"}],"replies":[{"embeddable":true,"href":"http:\/\/sternstaub.org\/blog\/index.php?rest_route=%2Fwp%2Fv2%2Fcomments&post=279"}],"version-history":[{"count":5,"href":"http:\/\/sternstaub.org\/blog\/index.php?rest_route=\/wp\/v2\/posts\/279\/revisions"}],"predecessor-version":[{"id":1096,"href":"http:\/\/sternstaub.org\/blog\/index.php?rest_route=\/wp\/v2\/posts\/279\/revisions\/1096"}],"wp:attachment":[{"href":"http:\/\/sternstaub.org\/blog\/index.php?rest_route=%2Fwp%2Fv2%2Fmedia&parent=279"}],"wp:term":[{"taxonomy":"category","embeddable":true,"href":"http:\/\/sternstaub.org\/blog\/index.php?rest_route=%2Fwp%2Fv2%2Fcategories&post=279"},{"taxonomy":"post_tag","embeddable":true,"href":"http:\/\/sternstaub.org\/blog\/index.php?rest_route=%2Fwp%2Fv2%2Ftags&post=279"}],"curies":[{"name":"wp","href":"https:\/\/api.w.org\/{rel}","templated":true}]}}